{"id":1211,"date":"2023-09-04T11:10:00","date_gmt":"2023-09-04T09:10:00","guid":{"rendered":"https:\/\/www.geowaermewende.de\/?p=1211"},"modified":"2023-09-22T14:41:12","modified_gmt":"2023-09-22T12:41:12","slug":"erstes-digitales-treffen-des-projektbeirates","status":"publish","type":"post","link":"https:\/\/www.geowaermewende.de\/en\/erstes-digitales-treffen-des-projektbeirates\/","title":{"rendered":"Presence Meeting in Schifferstadt"},"content":{"rendered":"<p>On 29 August, the members of the GeoWaermeWende project met in Schifferstadt. As a welcome change from the regular digital meetings, the face-to-face meeting offered the opportunity to present current results directly on-site and to discuss further coordination in the work packages.<\/p>\n\n\n\n<p>Thanks to Ms Loll from the PtJ and all participants for their contributions and constructive discussions. Such dedicated meetings promote direct exchange and ensure that the project progresses well.<\/p>","protected":false},"excerpt":{"rendered":"<p>On August 29, the GeoWaermeWende project met in Schifferstadt. Beyond digital meetings, this face-to-face meeting enabled direct exchange and presentation of current results. Thanks to all participants for the dedicated meeting and the constructive discussions. Another step for a successful project progress!<\/p>","protected":false},"author":1,"featured_media":1286,"comment_status":"closed","ping_status":"closed","sticky":false,"template":"","format":"standard","meta":{"footnotes":""},"categories":[13],"tags":[],"post_folder":[15],"class_list":["post-1211","post","type-post","status-publish","format-standard","has-post-thumbnail","hentry","category-aktuelles"],"yoast_head":"<!-- This site is optimized with the Yoast SEO plugin v27.5 - https:\/\/yoast.com\/product\/yoast-seo-wordpress\/ -->\n<title>Pr\u00e4senztreffen in Schifferstadt - www.geowaermewende.de<\/title>\n<meta name=\"robots\" content=\"index, follow, max-snippet:-1, max-image-preview:large, max-video-preview:-1\" \/>\n<link rel=\"canonical\" href=\"https:\/\/www.geowaermewende.de\/en\/erstes-digitales-treffen-des-projektbeirates\/\" \/>\n<meta property=\"og:locale\" content=\"en_GB\" \/>\n<meta property=\"og:type\" content=\"article\" \/>\n<meta property=\"og:title\" content=\"Pr\u00e4senztreffen in Schifferstadt - www.geowaermewende.de\" \/>\n<meta property=\"og:description\" content=\"Am 29.08. kam das Projekt GeoWaermeWende in Schifferstadt zusammen. Jenseits digitaler Meetings, erm\u00f6glichte dieses Pr\u00e4senztreffen direkten Austausch und Pr\u00e4sentation aktueller Ergebnisse. Danke alle Beteiligten f\u00fcr das engagierte Meeting und diekonstruktiven Diskussionen. Ein weiterer Schritt f\u00fcr einen erfolgreichen Projektverlauf!\" \/>\n<meta property=\"og:url\" content=\"https:\/\/www.geowaermewende.de\/en\/erstes-digitales-treffen-des-projektbeirates\/\" \/>\n<meta property=\"og:site_name\" content=\"www.geowaermewende.de\" \/>\n<meta property=\"article:published_time\" content=\"2023-09-04T09:10:00+00:00\" \/>\n<meta property=\"article:modified_time\" content=\"2023-09-22T12:41:12+00:00\" \/>\n<meta property=\"og:image\" content=\"https:\/\/www.geowaermewende.de\/wp-content\/uploads\/2023\/09\/KNW-Schifferstadt-GeoWaermeWaende.jpg\" \/>\n\t<meta property=\"og:image:width\" content=\"2011\" \/>\n\t<meta property=\"og:image:height\" content=\"1192\" \/>\n\t<meta property=\"og:image:type\" content=\"image\/jpeg\" \/>\n<meta name=\"author\" content=\"wp-support@ims.de\" \/>\n<meta name=\"twitter:card\" content=\"summary_large_image\" \/>\n<meta name=\"twitter:label1\" content=\"Written by\" \/>\n\t<meta name=\"twitter:data1\" content=\"wp-support@ims.de\" \/>\n\t<meta name=\"twitter:label2\" content=\"Estimated reading time\" \/>\n\t<meta name=\"twitter:data2\" content=\"1 minute\" \/>\n<script type=\"application\/ld+json\" class=\"yoast-schema-graph\">{\"@context\":\"https:\\\/\\\/schema.org\",\"@graph\":[{\"@type\":\"Article\",\"@id\":\"https:\\\/\\\/www.geowaermewende.de\\\/erstes-digitales-treffen-des-projektbeirates\\\/#article\",\"isPartOf\":{\"@id\":\"https:\\\/\\\/www.geowaermewende.de\\\/erstes-digitales-treffen-des-projektbeirates\\\/\"},\"author\":{\"name\":\"wp-support@ims.de\",\"@id\":\"https:\\\/\\\/www.geowaermewende.de\\\/#\\\/schema\\\/person\\\/d8430ac4ebd13519c9d36efd40785243\"},\"headline\":\"Pr\u00e4senztreffen in Schifferstadt\",\"datePublished\":\"2023-09-04T09:10:00+00:00\",\"dateModified\":\"2023-09-22T12:41:12+00:00\",\"mainEntityOfPage\":{\"@id\":\"https:\\\/\\\/www.geowaermewende.de\\\/erstes-digitales-treffen-des-projektbeirates\\\/\"},\"wordCount\":82,\"publisher\":{\"@id\":\"https:\\\/\\\/www.geowaermewende.de\\\/#organization\"},\"image\":{\"@id\":\"https:\\\/\\\/www.geowaermewende.de\\\/erstes-digitales-treffen-des-projektbeirates\\\/#primaryimage\"},\"thumbnailUrl\":\"https:\\\/\\\/www.geowaermewende.de\\\/wp-content\\\/uploads\\\/2023\\\/09\\\/KNW-Schifferstadt-GeoWaermeWaende.jpg\",\"articleSection\":[\"Aktuelles\"],\"inLanguage\":\"en-GB\"},{\"@type\":\"WebPage\",\"@id\":\"https:\\\/\\\/www.geowaermewende.de\\\/erstes-digitales-treffen-des-projektbeirates\\\/\",\"url\":\"https:\\\/\\\/www.geowaermewende.de\\\/erstes-digitales-treffen-des-projektbeirates\\\/\",\"name\":\"Pr\u00e4senztreffen in Schifferstadt - www.geowaermewende.de\",\"isPartOf\":{\"@id\":\"https:\\\/\\\/www.geowaermewende.de\\\/#website\"},\"primaryImageOfPage\":{\"@id\":\"https:\\\/\\\/www.geowaermewende.de\\\/erstes-digitales-treffen-des-projektbeirates\\\/#primaryimage\"},\"image\":{\"@id\":\"https:\\\/\\\/www.geowaermewende.de\\\/erstes-digitales-treffen-des-projektbeirates\\\/#primaryimage\"},\"thumbnailUrl\":\"https:\\\/\\\/www.geowaermewende.de\\\/wp-content\\\/uploads\\\/2023\\\/09\\\/KNW-Schifferstadt-GeoWaermeWaende.jpg\",\"datePublished\":\"2023-09-04T09:10:00+00:00\",\"dateModified\":\"2023-09-22T12:41:12+00:00\",\"breadcrumb\":{\"@id\":\"https:\\\/\\\/www.geowaermewende.de\\\/erstes-digitales-treffen-des-projektbeirates\\\/#breadcrumb\"},\"inLanguage\":\"en-GB\",\"potentialAction\":[{\"@type\":\"ReadAction\",\"target\":[\"https:\\\/\\\/www.geowaermewende.de\\\/erstes-digitales-treffen-des-projektbeirates\\\/\"]}]},{\"@type\":\"ImageObject\",\"inLanguage\":\"en-GB\",\"@id\":\"https:\\\/\\\/www.geowaermewende.de\\\/erstes-digitales-treffen-des-projektbeirates\\\/#primaryimage\",\"url\":\"https:\\\/\\\/www.geowaermewende.de\\\/wp-content\\\/uploads\\\/2023\\\/09\\\/KNW-Schifferstadt-GeoWaermeWaende.jpg\",\"contentUrl\":\"https:\\\/\\\/www.geowaermewende.de\\\/wp-content\\\/uploads\\\/2023\\\/09\\\/KNW-Schifferstadt-GeoWaermeWaende.jpg\",\"width\":2011,\"height\":1192},{\"@type\":\"BreadcrumbList\",\"@id\":\"https:\\\/\\\/www.geowaermewende.de\\\/erstes-digitales-treffen-des-projektbeirates\\\/#breadcrumb\",\"itemListElement\":[{\"@type\":\"ListItem\",\"position\":1,\"name\":\"Home\",\"item\":\"https:\\\/\\\/www.geowaermewende.de\\\/\"},{\"@type\":\"ListItem\",\"position\":2,\"name\":\"Pr\u00e4senztreffen in Schifferstadt\"}]},{\"@type\":\"WebSite\",\"@id\":\"https:\\\/\\\/www.geowaermewende.de\\\/#website\",\"url\":\"https:\\\/\\\/www.geowaermewende.de\\\/\",\"name\":\"www.geowaermewende.de\",\"description\":\"Monitoring eines geothermisch gespeisten kalten Nahw\u00e4rmenetzes als Beitrag zur W\u00e4rmewende\",\"publisher\":{\"@id\":\"https:\\\/\\\/www.geowaermewende.de\\\/#organization\"},\"potentialAction\":[{\"@type\":\"SearchAction\",\"target\":{\"@type\":\"EntryPoint\",\"urlTemplate\":\"https:\\\/\\\/www.geowaermewende.de\\\/?s={search_term_string}\"},\"query-input\":{\"@type\":\"PropertyValueSpecification\",\"valueRequired\":true,\"valueName\":\"search_term_string\"}}],\"inLanguage\":\"en-GB\"},{\"@type\":\"Organization\",\"@id\":\"https:\\\/\\\/www.geowaermewende.de\\\/#organization\",\"name\":\"www.geowaermewende.de\",\"url\":\"https:\\\/\\\/www.geowaermewende.de\\\/\",\"logo\":{\"@type\":\"ImageObject\",\"inLanguage\":\"en-GB\",\"@id\":\"https:\\\/\\\/www.geowaermewende.de\\\/#\\\/schema\\\/logo\\\/image\\\/\",\"url\":\"https:\\\/\\\/www.geowaermewende.de\\\/wp-content\\\/uploads\\\/2022\\\/11\\\/GeoWaermeWende.svg\",\"contentUrl\":\"https:\\\/\\\/www.geowaermewende.de\\\/wp-content\\\/uploads\\\/2022\\\/11\\\/GeoWaermeWende.svg\",\"width\":260.7,\"height\":32.9,\"caption\":\"www.geowaermewende.de\"},\"image\":{\"@id\":\"https:\\\/\\\/www.geowaermewende.de\\\/#\\\/schema\\\/logo\\\/image\\\/\"}},{\"@type\":\"Person\",\"@id\":\"https:\\\/\\\/www.geowaermewende.de\\\/#\\\/schema\\\/person\\\/d8430ac4ebd13519c9d36efd40785243\",\"name\":\"wp-support@ims.de\",\"image\":{\"@type\":\"ImageObject\",\"inLanguage\":\"en-GB\",\"@id\":\"https:\\\/\\\/secure.gravatar.com\\\/avatar\\\/d07ad7fc342d5b062635bac2f95f886de6b7396ff67986a2ca50382fde0bb284?s=96&d=mm&r=g\",\"url\":\"https:\\\/\\\/secure.gravatar.com\\\/avatar\\\/d07ad7fc342d5b062635bac2f95f886de6b7396ff67986a2ca50382fde0bb284?s=96&d=mm&r=g\",\"contentUrl\":\"https:\\\/\\\/secure.gravatar.com\\\/avatar\\\/d07ad7fc342d5b062635bac2f95f886de6b7396ff67986a2ca50382fde0bb284?s=96&d=mm&r=g\",\"caption\":\"wp-support@ims.de\"},\"sameAs\":[\"https:\\\/\\\/www.geowaermewende.de\"],\"url\":\"https:\\\/\\\/www.geowaermewende.de\\\/en\\\/author\\\/wp-supportims-de\\\/\"}]}<\/script>\n<!-- \/ Yoast SEO plugin. -->","yoast_head_json":{"title":"Pr\u00e4senztreffen in Schifferstadt - www.geowaermewende.de","robots":{"index":"index","follow":"follow","max-snippet":"max-snippet:-1","max-image-preview":"max-image-preview:large","max-video-preview":"max-video-preview:-1"},"canonical":"https:\/\/www.geowaermewende.de\/en\/erstes-digitales-treffen-des-projektbeirates\/","og_locale":"en_GB","og_type":"article","og_title":"Pr\u00e4senztreffen in Schifferstadt - www.geowaermewende.de","og_description":"Am 29.08. kam das Projekt GeoWaermeWende in Schifferstadt zusammen. Jenseits digitaler Meetings, erm\u00f6glichte dieses Pr\u00e4senztreffen direkten Austausch und Pr\u00e4sentation aktueller Ergebnisse. Danke alle Beteiligten f\u00fcr das engagierte Meeting und diekonstruktiven Diskussionen. Ein weiterer Schritt f\u00fcr einen erfolgreichen Projektverlauf!","og_url":"https:\/\/www.geowaermewende.de\/en\/erstes-digitales-treffen-des-projektbeirates\/","og_site_name":"www.geowaermewende.de","article_published_time":"2023-09-04T09:10:00+00:00","article_modified_time":"2023-09-22T12:41:12+00:00","og_image":[{"width":2011,"height":1192,"url":"https:\/\/www.geowaermewende.de\/wp-content\/uploads\/2023\/09\/KNW-Schifferstadt-GeoWaermeWaende.jpg","type":"image\/jpeg"}],"author":"wp-support@ims.de","twitter_card":"summary_large_image","twitter_misc":{"Written by":"wp-support@ims.de","Estimated reading time":"1 minute"},"schema":{"@context":"https:\/\/schema.org","@graph":[{"@type":"Article","@id":"https:\/\/www.geowaermewende.de\/erstes-digitales-treffen-des-projektbeirates\/#article","isPartOf":{"@id":"https:\/\/www.geowaermewende.de\/erstes-digitales-treffen-des-projektbeirates\/"},"author":{"name":"wp-support@ims.de","@id":"https:\/\/www.geowaermewende.de\/#\/schema\/person\/d8430ac4ebd13519c9d36efd40785243"},"headline":"Pr\u00e4senztreffen in Schifferstadt","datePublished":"2023-09-04T09:10:00+00:00","dateModified":"2023-09-22T12:41:12+00:00","mainEntityOfPage":{"@id":"https:\/\/www.geowaermewende.de\/erstes-digitales-treffen-des-projektbeirates\/"},"wordCount":82,"publisher":{"@id":"https:\/\/www.geowaermewende.de\/#organization"},"image":{"@id":"https:\/\/www.geowaermewende.de\/erstes-digitales-treffen-des-projektbeirates\/#primaryimage"},"thumbnailUrl":"https:\/\/www.geowaermewende.de\/wp-content\/uploads\/2023\/09\/KNW-Schifferstadt-GeoWaermeWaende.jpg","articleSection":["Aktuelles"],"inLanguage":"en-GB"},{"@type":"WebPage","@id":"https:\/\/www.geowaermewende.de\/erstes-digitales-treffen-des-projektbeirates\/","url":"https:\/\/www.geowaermewende.de\/erstes-digitales-treffen-des-projektbeirates\/","name":"Pr\u00e4senztreffen in Schifferstadt - www.geowaermewende.de","isPartOf":{"@id":"https:\/\/www.geowaermewende.de\/#website"},"primaryImageOfPage":{"@id":"https:\/\/www.geowaermewende.de\/erstes-digitales-treffen-des-projektbeirates\/#primaryimage"},"image":{"@id":"https:\/\/www.geowaermewende.de\/erstes-digitales-treffen-des-projektbeirates\/#primaryimage"},"thumbnailUrl":"https:\/\/www.geowaermewende.de\/wp-content\/uploads\/2023\/09\/KNW-Schifferstadt-GeoWaermeWaende.jpg","datePublished":"2023-09-04T09:10:00+00:00","dateModified":"2023-09-22T12:41:12+00:00","breadcrumb":{"@id":"https:\/\/www.geowaermewende.de\/erstes-digitales-treffen-des-projektbeirates\/#breadcrumb"},"inLanguage":"en-GB","potentialAction":[{"@type":"ReadAction","target":["https:\/\/www.geowaermewende.de\/erstes-digitales-treffen-des-projektbeirates\/"]}]},{"@type":"ImageObject","inLanguage":"en-GB","@id":"https:\/\/www.geowaermewende.de\/erstes-digitales-treffen-des-projektbeirates\/#primaryimage","url":"https:\/\/www.geowaermewende.de\/wp-content\/uploads\/2023\/09\/KNW-Schifferstadt-GeoWaermeWaende.jpg","contentUrl":"https:\/\/www.geowaermewende.de\/wp-content\/uploads\/2023\/09\/KNW-Schifferstadt-GeoWaermeWaende.jpg","width":2011,"height":1192},{"@type":"BreadcrumbList","@id":"https:\/\/www.geowaermewende.de\/erstes-digitales-treffen-des-projektbeirates\/#breadcrumb","itemListElement":[{"@type":"ListItem","position":1,"name":"Home","item":"https:\/\/www.geowaermewende.de\/"},{"@type":"ListItem","position":2,"name":"Pr\u00e4senztreffen in Schifferstadt"}]},{"@type":"WebSite","@id":"https:\/\/www.geowaermewende.de\/#website","url":"https:\/\/www.geowaermewende.de\/","name":"www.geowaermewende.de","description":"Monitoring eines geothermisch gespeisten kalten Nahw\u00e4rmenetzes als Beitrag zur W\u00e4rmewende","publisher":{"@id":"https:\/\/www.geowaermewende.de\/#organization"},"potentialAction":[{"@type":"SearchAction","target":{"@type":"EntryPoint","urlTemplate":"https:\/\/www.geowaermewende.de\/?s={search_term_string}"},"query-input":{"@type":"PropertyValueSpecification","valueRequired":true,"valueName":"search_term_string"}}],"inLanguage":"en-GB"},{"@type":"Organization","@id":"https:\/\/www.geowaermewende.de\/#organization","name":"www.geowaermewende.de","url":"https:\/\/www.geowaermewende.de\/","logo":{"@type":"ImageObject","inLanguage":"en-GB","@id":"https:\/\/www.geowaermewende.de\/#\/schema\/logo\/image\/","url":"https:\/\/www.geowaermewende.de\/wp-content\/uploads\/2022\/11\/GeoWaermeWende.svg","contentUrl":"https:\/\/www.geowaermewende.de\/wp-content\/uploads\/2022\/11\/GeoWaermeWende.svg","width":260.7,"height":32.9,"caption":"www.geowaermewende.de"},"image":{"@id":"https:\/\/www.geowaermewende.de\/#\/schema\/logo\/image\/"}},{"@type":"Person","@id":"https:\/\/www.geowaermewende.de\/#\/schema\/person\/d8430ac4ebd13519c9d36efd40785243","name":"wp-support@ims.de","image":{"@type":"ImageObject","inLanguage":"en-GB","@id":"https:\/\/secure.gravatar.com\/avatar\/d07ad7fc342d5b062635bac2f95f886de6b7396ff67986a2ca50382fde0bb284?s=96&d=mm&r=g","url":"https:\/\/secure.gravatar.com\/avatar\/d07ad7fc342d5b062635bac2f95f886de6b7396ff67986a2ca50382fde0bb284?s=96&d=mm&r=g","contentUrl":"https:\/\/secure.gravatar.com\/avatar\/d07ad7fc342d5b062635bac2f95f886de6b7396ff67986a2ca50382fde0bb284?s=96&d=mm&r=g","caption":"wp-support@ims.de"},"sameAs":["https:\/\/www.geowaermewende.de"],"url":"https:\/\/www.geowaermewende.de\/en\/author\/wp-supportims-de\/"}]}},"_links":{"self":[{"href":"https:\/\/www.geowaermewende.de\/en\/wp-json\/wp\/v2\/posts\/1211","targetHints":{"allow":["GET"]}}],"collection":[{"href":"https:\/\/www.geowaermewende.de\/en\/wp-json\/wp\/v2\/posts"}],"about":[{"href":"https:\/\/www.geowaermewende.de\/en\/wp-json\/wp\/v2\/types\/post"}],"author":[{"embeddable":true,"href":"https:\/\/www.geowaermewende.de\/en\/wp-json\/wp\/v2\/users\/1"}],"replies":[{"embeddable":true,"href":"https:\/\/www.geowaermewende.de\/en\/wp-json\/wp\/v2\/comments?post=1211"}],"version-history":[{"count":2,"href":"https:\/\/www.geowaermewende.de\/en\/wp-json\/wp\/v2\/posts\/1211\/revisions"}],"predecessor-version":[{"id":1213,"href":"https:\/\/www.geowaermewende.de\/en\/wp-json\/wp\/v2\/posts\/1211\/revisions\/1213"}],"wp:featuredmedia":[{"embeddable":true,"href":"https:\/\/www.geowaermewende.de\/en\/wp-json\/wp\/v2\/media\/1286"}],"wp:attachment":[{"href":"https:\/\/www.geowaermewende.de\/en\/wp-json\/wp\/v2\/media?parent=1211"}],"wp:term":[{"taxonomy":"category","embeddable":true,"href":"https:\/\/www.geowaermewende.de\/en\/wp-json\/wp\/v2\/categories?post=1211"},{"taxonomy":"post_tag","embeddable":true,"href":"https:\/\/www.geowaermewende.de\/en\/wp-json\/wp\/v2\/tags?post=1211"},{"taxonomy":"post_folder","embeddable":true,"href":"https:\/\/www.geowaermewende.de\/en\/wp-json\/wp\/v2\/post_folder?post=1211"}],"curies":[{"name":"wp","href":"https:\/\/api.w.org\/{rel}","templated":true}]}}